{"id":4272,"date":"2026-03-06T15:31:50","date_gmt":"2026-03-06T14:31:50","guid":{"rendered":"https:\/\/www.ms-wartberg.at\/?p=4272"},"modified":"2026-03-31T09:32:17","modified_gmt":"2026-03-31T07:32:17","slug":"zeichenwettbewerb-2","status":"publish","type":"post","link":"https:\/\/www.ms-wartberg.at\/?p=4272","title":{"rendered":"Zeichenwettbewerb"},"content":{"rendered":"<p>[et_pb_section fb_built=&#8220;1&#8243; _builder_version=&#8220;4.27.4&#8243; _module_preset=&#8220;default&#8220; global_colors_info=&#8220;{}&#8220; theme_builder_area=&#8220;post_content&#8220;][et_pb_row _builder_version=&#8220;4.27.4&#8243; _module_preset=&#8220;default&#8220; global_colors_info=&#8220;{}&#8220; theme_builder_area=&#8220;post_content&#8220;][et_pb_column type=&#8220;4_4&#8243; _builder_version=&#8220;4.27.4&#8243; _module_preset=&#8220;default&#8220; global_colors_info=&#8220;{}&#8220; theme_builder_area=&#8220;post_content&#8220;][et_pb_image src=&#8220;https:\/\/www.ms-wartberg.at\/wordpress\/wp-content\/uploads\/2026\/03\/20260306_071126-1024&#215;971.jpg&#8220; title_text=&#8220;20260306_071126&#8243; _builder_version=&#8220;4.27.4&#8243; _module_preset=&#8220;default&#8220; global_colors_info=&#8220;{}&#8220; theme_builder_area=&#8220;post_content&#8220;][\/et_pb_image][et_pb_text _builder_version=&#8220;4.27.4&#8243; _module_preset=&#8220;default&#8220; global_colors_info=&#8220;{}&#8220; theme_builder_area=&#8220;post_content&#8220;]<\/p>\n<p>&nbsp;<\/p>\n<p>30 Sch\u00fclerInnen der Mittelschule Wartberg haben im J\u00e4nner und Februar zuhause zu Bleistift und Farbtopf gegriffen und sich w\u00e4hrend der stressigen Schularbeiten- und Pr\u00fcfungszeit f\u00fcr den schulinternen Zeichen- und Malwettbewerb kreativ bet\u00e4tigt. Zum Thema &#8222;Das bin ich &#8211; Das macht mich aus&#8220; sind die unterschiedlichsten Arbeiten entstanden: Comics, Naturstudien, Collagen, Muster und und und.<\/p>\n<p>Die Kreativit\u00e4t der Sch\u00fclerInnen kannte keine Grenzen und nur einen Gewinner zu k\u00fcren war schier unm\u00f6glich. Aus diesem Grund freuen wir uns, je eine Siegerin bzw. einen Sieger aus jedem Jahrgang pr\u00e4sentieren zu d\u00fcrfen:<\/p>\n<p>Rima aus der 4.b, Anna aus der 3.b, Armin aus der 2a und Noah aus der 1b.<\/p>\n<p>\u00a0Wir gratulieren den GewinnerInnen und allen TeilnehmerInnen sehr herzlich. Ihr habt das toll gemacht!<\/p>\n<p>&nbsp;<\/p>\n<p>[\/et_pb_text][et_pb_gallery gallery_ids=&#8220;4275,4276,4277&#8243; show_title_and_caption=&#8220;off&#8220; show_pagination=&#8220;off&#8220; _builder_version=&#8220;4.27.4&#8243; _module_preset=&#8220;default&#8220; global_colors_info=&#8220;{}&#8220; theme_builder_area=&#8220;post_content&#8220;][\/et_pb_gallery][\/et_pb_column][\/et_pb_row][\/et_pb_section]<\/p>\n","protected":false},"excerpt":{"rendered":"<p>&nbsp; 30 Sch\u00fclerInnen der Mittelschule Wartberg haben im J\u00e4nner und Februar zuhause zu Bleistift und Farbtopf gegriffen und sich w\u00e4hrend der stressigen Schularbeiten- und Pr\u00fcfungszeit f\u00fcr den schulinternen Zeichen- und Malwettbewerb kreativ bet\u00e4tigt. Zum Thema &#8222;Das bin ich &#8211; Das macht mich aus&#8220; sind die unterschiedlichsten Arbeiten entstanden: Comics, Naturstudien, Collagen, Muster und und und. [&hellip;]<\/p>\n","protected":false},"author":3,"featured_media":0,"comment_status":"closed","ping_status":"closed","sticky":false,"template":"","format":"standard","meta":{"_et_pb_use_builder":"on","_et_pb_old_content":"","_et_gb_content_width":"","footnotes":""},"categories":[19,1],"tags":[],"class_list":["post-4272","post","type-post","status-publish","format-standard","hentry","category-19","category-allgemein"],"_links":{"self":[{"href":"https:\/\/www.ms-wartberg.at\/index.php?rest_route=\/wp\/v2\/posts\/4272","targetHints":{"allow":["GET"]}}],"collection":[{"href":"https:\/\/www.ms-wartberg.at\/index.php?rest_route=\/wp\/v2\/posts"}],"about":[{"href":"https:\/\/www.ms-wartberg.at\/index.php?rest_route=\/wp\/v2\/types\/post"}],"author":[{"embeddable":true,"href":"https:\/\/www.ms-wartberg.at\/index.php?rest_route=\/wp\/v2\/users\/3"}],"replies":[{"embeddable":true,"href":"https:\/\/www.ms-wartberg.at\/index.php?rest_route=%2Fwp%2Fv2%2Fcomments&post=4272"}],"version-history":[{"count":3,"href":"https:\/\/www.ms-wartberg.at\/index.php?rest_route=\/wp\/v2\/posts\/4272\/revisions"}],"predecessor-version":[{"id":4285,"href":"https:\/\/www.ms-wartberg.at\/index.php?rest_route=\/wp\/v2\/posts\/4272\/revisions\/4285"}],"wp:attachment":[{"href":"https:\/\/www.ms-wartberg.at\/index.php?rest_route=%2Fwp%2Fv2%2Fmedia&parent=4272"}],"wp:term":[{"taxonomy":"category","embeddable":true,"href":"https:\/\/www.ms-wartberg.at\/index.php?rest_route=%2Fwp%2Fv2%2Fcategories&post=4272"},{"taxonomy":"post_tag","embeddable":true,"href":"https:\/\/www.ms-wartberg.at\/index.php?rest_route=%2Fwp%2Fv2%2Ftags&post=4272"}],"curies":[{"name":"wp","href":"https:\/\/api.w.org\/{rel}","templated":true}]}}